{"id":3597,"date":"2024-02-16T20:53:38","date_gmt":"2024-02-16T19:53:38","guid":{"rendered":"https:\/\/asso-prisme.com\/?p=3597"},"modified":"2024-02-16T20:57:01","modified_gmt":"2024-02-16T19:57:01","slug":"remise-des-cles-de-la-maison-des-acacias","status":"publish","type":"post","link":"https:\/\/asso-prisme.com\/index.php\/remise-des-cles-de-la-maison-des-acacias\/","title":{"rendered":"La Remise des cl\u00e9s"},"content":{"rendered":"\n<p><\/p>\n\n\n\n<div class=\"wp-block-columns is-layout-flex wp-container-core-columns-is-layout-28f84493 wp-block-columns-is-layout-flex\">\n<div class=\"wp-block-column is-vertically-aligned-center is-layout-flow wp-block-column-is-layout-flow\" style=\"flex-basis:33.33%\">\n<figure class=\"wp-block-image size-full is-resized\"><img fetchpriority=\"high\" decoding=\"async\" width=\"740\" height=\"739\" src=\"https:\/\/asso-prisme.com\/wp-content\/uploads\/2024\/02\/MDA-Remise-des-cles.png\" alt=\"\" class=\"wp-image-3598\" style=\"width:278px;height:auto\" srcset=\"https:\/\/asso-prisme.com\/wp-content\/uploads\/2024\/02\/MDA-Remise-des-cles.png 740w, https:\/\/asso-prisme.com\/wp-content\/uploads\/2024\/02\/MDA-Remise-des-cles-300x300.png 300w, https:\/\/asso-prisme.com\/wp-content\/uploads\/2024\/02\/MDA-Remise-des-cles-150x150.png 150w, https:\/\/asso-prisme.com\/wp-content\/uploads\/2024\/02\/MDA-Remise-des-cles-24x24.png 24w, https:\/\/asso-prisme.com\/wp-content\/uploads\/2024\/02\/MDA-Remise-des-cles-36x36.png 36w, https:\/\/asso-prisme.com\/wp-content\/uploads\/2024\/02\/MDA-Remise-des-cles-48x48.png 48w\" sizes=\"(max-width: 740px) 100vw, 740px\" \/><\/figure>\n<\/div>\n\n\n\n<div class=\"wp-block-column is-vertically-aligned-center is-layout-flow wp-block-column-is-layout-flow\" style=\"flex-basis:66.66%\">\n<p><img decoding=\"async\" height=\"16\" width=\"16\" src=\"https:\/\/static.xx.fbcdn.net\/images\/emoji.php\/v9\/td9\/1.5\/16\/1f64f.png\" alt=\"\ud83d\ude4f\">Hier, madame le Maire, <a href=\"https:\/\/www.facebook.com\/NLYondre?__cft__[0]=AZUihLvDlm6Fz-z86ZhuhOflpzYvpJnnkL36Hy0Gs8NP6-c2EPasHrXNLVpHP303ozIMo7oH1iUWXXf5-CWWDSLaIL5YeoEwgSLr2tt5GAbKwjZOxhRETfgKL3rnMoOmvwXNl1whIPjeSZD-twQNEv-8LBd8okjNgnALafrfVhCeZVanVSl1e50KQF4Q1WtCPE4&amp;__tn__=-]K-R\">Nathalie Le Yondre<\/a> a remis officiellement \u00e0 notre collectif les cl\u00e9s de notre\/votre futur tiers-lieu. L&rsquo;occasion de remercier toutes les personnes investies et mobilis\u00e9es sur ce projet : b\u00e9n\u00e9voles, adh\u00e9rents, salari\u00e9es, partenaires, \u00e9lus, agents municipaux, entreprises de BTP, voisins, curieux, associations et commerces locaux&#8230;<\/p>\n\n\n\n<p><img decoding=\"async\" height=\"16\" width=\"16\" src=\"https:\/\/static.xx.fbcdn.net\/images\/emoji.php\/v9\/t27\/1.5\/16\/1f600.png\" alt=\"\ud83d\ude00\"><img loading=\"lazy\" decoding=\"async\" height=\"16\" width=\"16\" src=\"https:\/\/static.xx.fbcdn.net\/images\/emoji.php\/v9\/tcc\/1.5\/16\/1f979.png\" alt=\"\ud83e\udd79\">Beaucoup de joie et d&rsquo;\u00e9motion apr\u00e8s 4 ann\u00e9es de travail, d&rsquo;investissement b\u00e9n\u00e9vole, de f\u00e9d\u00e9ration de nombreuses belles personnes, de tout \u00e2ge et de tout horizon, autour de ce projet de faire ensemble et autrement.<\/p>\n<\/div>\n<\/div>\n\n\n\n<p><img loading=\"lazy\" decoding=\"async\" height=\"16\" width=\"16\" src=\"https:\/\/static.xx.fbcdn.net\/images\/emoji.php\/v9\/td7\/1.5\/16\/1f4c5.png\" alt=\"\ud83d\udcc5\">Lundi 3 mars, *La Maison des Acacias* ouvrira compl\u00e8tement ses portes pour proposer diff\u00e9rents services, activit\u00e9s et ateliers autour de ses 7 espaces :<\/p>\n\n\n\n<p><img loading=\"lazy\" decoding=\"async\" height=\"16\" width=\"16\" alt=\"\ud83d\udc69\u200d\ud83c\udf3e\" src=\"https:\/\/static.xx.fbcdn.net\/images\/emoji.php\/v9\/t10\/1.5\/16\/1f469_200d_1f33e.png\"> *le jardin potager partag\u00e9* pour se former \u00e0 la permaculture<\/p>\n\n\n\n<p><img loading=\"lazy\" decoding=\"async\" height=\"16\" width=\"16\" alt=\"\ud83d\udeb4\u200d\u2640\ufe0f\" src=\"https:\/\/static.xx.fbcdn.net\/images\/emoji.php\/v9\/t27\/1.5\/16\/1f6b4_200d_2640.png\">*l&rsquo;atelier d&rsquo;auto-r\u00e9paration de v\u00e9lo* pour accompagner les mobilit\u00e9s douces<\/p>\n\n\n\n<p><img loading=\"lazy\" decoding=\"async\" height=\"16\" width=\"16\" alt=\"\ud83d\udee0\" src=\"https:\/\/static.xx.fbcdn.net\/images\/emoji.php\/v9\/t12\/1.5\/16\/1f6e0.png\">*le fab lab* pour r\u00e9parer ou cr\u00e9er les objets du quotidien<\/p>\n\n\n\n<p><img loading=\"lazy\" decoding=\"async\" height=\"16\" width=\"16\" alt=\"\ud83d\udc68\u200d\ud83c\udf73\" src=\"https:\/\/static.xx.fbcdn.net\/images\/emoji.php\/v9\/t7b\/1.5\/16\/1f468_200d_1f373.png\">*la cuisine partag\u00e9e* pour \u00e9changer et confectionner des recettes saines, peu couteuses et respectueuses de l&rsquo;environnement<\/p>\n\n\n\n<p><img loading=\"lazy\" decoding=\"async\" height=\"16\" width=\"16\" alt=\"\ud83d\udc69\u200d\ud83d\udc69\u200d\ud83d\udc67\u200d\ud83d\udc67\" src=\"https:\/\/static.xx.fbcdn.net\/images\/emoji.php\/v9\/t82\/1.5\/16\/1f469_200d_1f469_200d_1f467_200d_1f467.png\"> *l&rsquo;espace de convivialit\u00e9* pour boire un caf\u00e9, papoter ou suivre un atelier DIY ou cr\u00e9atif, seul ou en famille<\/p>\n\n\n\n<p><img loading=\"lazy\" decoding=\"async\" height=\"16\" width=\"16\" alt=\"\ud83d\udcbb\" src=\"https:\/\/static.xx.fbcdn.net\/images\/emoji.php\/v9\/te5\/1.5\/16\/1f4bb.png\">*le plateau coworking des transitions* et les *permanences num\u00e9riques*<\/p>\n\n\n\n<p><img loading=\"lazy\" decoding=\"async\" height=\"16\" width=\"16\" alt=\"\ud83d\udcfd\" src=\"https:\/\/static.xx.fbcdn.net\/images\/emoji.php\/v9\/t63\/1.5\/16\/1f4fd.png\"><img loading=\"lazy\" decoding=\"async\" height=\"16\" width=\"16\" alt=\"\ud83c\udf99\" src=\"https:\/\/static.xx.fbcdn.net\/images\/emoji.php\/v9\/t84\/1.5\/16\/1f399.png\">*le studio audio visuel* pour r\u00e9aliser des supports de com ou des projets artistiques<\/p>\n\n\n\n<p>Le tout avec une *programmation de rendez-vous culturels* avec des acteurs du territoire (chanson, th\u00e9\u00e2tre, marionnettes, contes en langue des signes, conf\u00e9rences, cin\u00e9 d\u00e9bats, fresque du climat&#8230;.)<\/p>\n\n\n\n<p><img loading=\"lazy\" decoding=\"async\" height=\"16\" width=\"16\" alt=\"\ud83d\udce2\" src=\"https:\/\/static.xx.fbcdn.net\/images\/emoji.php\/v9\/t92\/1.5\/16\/1f4e2.png\">D\u00e8s aujourd&rsquo;hui, d\u00e9bute un chantier participatif pour d\u00e9corer et am\u00e9nager La Maison des Acacias. Et pour bien le faire, deux super entrepreneures <a href=\"https:\/\/www.facebook.com\/am.B.li.studio?__cft__[0]=AZUihLvDlm6Fz-z86ZhuhOflpzYvpJnnkL36Hy0Gs8NP6-c2EPasHrXNLVpHP303ozIMo7oH1iUWXXf5-CWWDSLaIL5YeoEwgSLr2tt5GAbKwjZOxhRETfgKL3rnMoOmvwXNl1whIPjeSZD-twQNEv-8LBd8okjNgnALafrfVhCeZVanVSl1e50KQF4Q1WtCPE4&amp;__tn__=-]K-R\">am.B.li<\/a> pour qui le r\u00e9emploi et le recyclage sont les ma\u00eetres mots.<\/p>\n\n\n\n<p>A tr\u00e8s vite pour la suite des aventures <img loading=\"lazy\" decoding=\"async\" height=\"16\" width=\"16\" src=\"https:\/\/static.xx.fbcdn.net\/images\/emoji.php\/v9\/t55\/1.5\/16\/1f44d.png\" alt=\"\ud83d\udc4d\"><img loading=\"lazy\" decoding=\"async\" height=\"16\" width=\"16\" src=\"https:\/\/static.xx.fbcdn.net\/images\/emoji.php\/v9\/tdd\/1.5\/16\/1f381.png\" alt=\"\ud83c\udf81\"><img loading=\"lazy\" decoding=\"async\" height=\"16\" width=\"16\" src=\"https:\/\/static.xx.fbcdn.net\/images\/emoji.php\/v9\/tbd\/1.5\/16\/1f91d.png\" alt=\"\ud83e\udd1d\"><\/p>\n","protected":false},"excerpt":{"rendered":"<p>Remise des cl\u00e9s de la Maison des Acacias : Beaucoup de joie et d&rsquo;\u00e9motion apr\u00e8s 4 ann\u00e9es de travail, d&rsquo;investissement b\u00e9n\u00e9vole, de f\u00e9d\u00e9ration de nombreuses belles personnes, de tout \u00e2ge et de tout horizon, autour de ce projet de faire ensemble et autrement<\/p>\n","protected":false},"author":1,"featured_media":3261,"comment_status":"open","ping_status":"open","sticky":false,"template":"elementor_theme","format":"standard","meta":{"_EventAllDay":false,"_EventTimezone":"","_EventStartDate":"","_EventEndDate":"","_EventStartDateUTC":"","_EventEndDateUTC":"","_EventShowMap":false,"_EventShowMapLink":false,"_EventURL":"","_EventCost":"","_EventCostDescription":"","_EventCurrencySymbol":"","_EventCurrencyCode":"","_EventCurrencyPosition":"","_EventDateTimeSeparator":"","_EventTimeRangeSeparator":"","_EventOrganizerID":[],"_EventVenueID":[],"_OrganizerEmail":"","_OrganizerPhone":"","_OrganizerWebsite":"","_VenueAddress":"","_VenueCity":"","_VenueCountry":"","_VenueProvince":"","_VenueState":"","_VenueZip":"","_VenuePhone":"","_VenueURL":"","_VenueStateProvince":"","_VenueLat":"","_VenueLng":"","_VenueShowMap":false,"_VenueShowMapLink":false,"footnotes":""},"categories":[34,35],"tags":[],"class_list":["post-3597","post","type-post","status-publish","format-standard","has-post-thumbnail","hentry","category-la-vie-du-tiers-lieu","category-les-dernieres-news"],"_links":{"self":[{"href":"https:\/\/asso-prisme.com\/index.php\/wp-json\/wp\/v2\/posts\/3597","targetHints":{"allow":["GET"]}}],"collection":[{"href":"https:\/\/asso-prisme.com\/index.php\/wp-json\/wp\/v2\/posts"}],"about":[{"href":"https:\/\/asso-prisme.com\/index.php\/wp-json\/wp\/v2\/types\/post"}],"author":[{"embeddable":true,"href":"https:\/\/asso-prisme.com\/index.php\/wp-json\/wp\/v2\/users\/1"}],"replies":[{"embeddable":true,"href":"https:\/\/asso-prisme.com\/index.php\/wp-json\/wp\/v2\/comments?post=3597"}],"version-history":[{"count":0,"href":"https:\/\/asso-prisme.com\/index.php\/wp-json\/wp\/v2\/posts\/3597\/revisions"}],"wp:featuredmedia":[{"embeddable":true,"href":"https:\/\/asso-prisme.com\/index.php\/wp-json\/wp\/v2\/media\/3261"}],"wp:attachment":[{"href":"https:\/\/asso-prisme.com\/index.php\/wp-json\/wp\/v2\/media?parent=3597"}],"wp:term":[{"taxonomy":"category","embeddable":true,"href":"https:\/\/asso-prisme.com\/index.php\/wp-json\/wp\/v2\/categories?post=3597"},{"taxonomy":"post_tag","embeddable":true,"href":"https:\/\/asso-prisme.com\/index.php\/wp-json\/wp\/v2\/tags?post=3597"}],"curies":[{"name":"wp","href":"https:\/\/api.w.org\/{rel}","templated":true}]}}